{"id":293,"date":"2020-06-08T15:00:19","date_gmt":"2020-06-08T15:00:19","guid":{"rendered":"https:\/\/vfl-gundersheim.de\/?p=293"},"modified":"2020-06-10T12:21:43","modified_gmt":"2020-06-10T12:21:43","slug":"die-beiden-aktiventeams-stellen-sich-fuer-die-kommende-saison-auf","status":"publish","type":"post","link":"https:\/\/vfl-gundersheim.de\/?p=293","title":{"rendered":"Die beiden Aktiventeams stellen sich f\u00fcr die kommende Saison auf"},"content":{"rendered":"\n<p>Nachdem die Nachricht kam, dass einige arrivierte Kicker aus Reihen der ersten Mannschaft ggf. ein bisschen k\u00fcrzer treten m\u00f6chten, da sie sich u. a. privat neu aufstellen m\u00f6chten, musste die sportliche Leitung um Thomas Finger und Kai Daniel handeln.<\/p>\n\n\n\n<p>Relativ fr\u00fch fand man in <strong><a href=\"https:\/\/www.fupa.net\/spieler\/kevin-boos-240225.html\">Kevin Boos<\/a><\/strong> einen Mann f\u00fcr die Abwehr, der auch als Co-Trainer von Constantin Sawin agieren wird. Kevin kommt vom Verbandsligisten TSV Gau-Odernheim an den Altbach. Er trug zuvor lange Jahre das Trikot der RWO aus Alzey und entsprang der erfolgreichen Jugendarbeit von Mainz 05.<\/p>\n\n\n\n<p>Ebenfalls schon im Fr\u00fchjahr und nicht minder \u00fcberraschend wurden die Verpflichtungen von <strong><a href=\"https:\/\/www.fupa.net\/spieler\/alexander-kinsvater-240256.html\">Alexander Kinsvater<\/a><\/strong> und <strong><a href=\"https:\/\/www.fupa.net\/spieler\/ali-aslan-577389.html\">Ali Arslan<\/a><\/strong> einget\u00fctet.<\/p>\n\n\n\n<p>Kinsvater gilt als RWO-Urgestein. Vergangene Saison, als er schon etwas k\u00fcrzer treten wollte, ballerte er mit 34 Toren bei nur 11 Eins\u00e4tzen die Reserve der Wartbergkicker fast im Alleingang in Richtung A-Klasse.<\/p>\n\n\n\n<p>Ali Arslan wechselt als Torgarant des Landesligisten VfR Gr\u00fcnstadt und fr\u00fcherer Leistungstr\u00e4ger im Angriff der Wormatia Zweiten zum VfL.<\/p>\n\n\n\n<p>Auch <strong><a href=\"https:\/\/www.fupa.net\/spieler\/dzenis-dzaferi-712773.html\">Dzenis Djaferi<\/a><\/strong> kickte, nachdem er der erfolgreichen Jugendarbeit des TSV Schott Mainz entwachsen war, lange Zeit am Wartberg, ehe er letzte Saison etwas zur\u00fccksteckte und bei seinem Heimatclub in Sulzheim wirbelte. Er wird mehr als nur eine Alternative im VfL-Mittelfeld in der kommenden Runde sein.<\/p>\n\n\n\n<p>Der letztj\u00e4hrige Torwarttrainer und langj\u00e4hrige Goalie Jan Kaibel m\u00f6chte wieder mehr zwischen den Pfosten stehen. F\u00fcr den vakanten Posten des Torwarttrainers gelang es den Verantwortlichen kurzfristig <strong><a href=\"https:\/\/www.fupa.net\/spieler\/jens-maass-229523.html\">Jens Maa\u00df,<\/a><\/strong><a href=\"https:\/\/www.fupa.net\/spieler\/jens-maass-229523.html\"> <\/a>von einem Engagement in Gundersheim zu \u00fcberzeugen. Jens konnte sich schon als Noch-Jugendspieler den Platz zwischen den Pfosten des damaligen Verbandsligisten TSG Pfeddersheim sichern, ehe er Teil des Fu\u00dfballm\u00e4rchens von Lonsheim wurde. Sp\u00e4ter trug auch er das Trikot der RWO und stellte sich dann mit fast 40 noch einmal der Herausforderung Oberliga bei Hassia Bingen. Im letzten Jahr \u00fcberahm er dort schon das Amt des Torwarttrainers und spielte nebenbei noch ein paar Partien, was er vielleicht bei Not am Mann auch beim VfL in Aussicht stellte.<\/p>\n\n\n\n<p>F\u00fcr die zweite Mannschaft konnte neben dem bereits zur R\u00fcckrunde wieder zur\u00fcckgekommene<a href=\"https:\/\/www.fupa.net\/spieler\/yannic-bertram-773079.html\"> <\/a><strong><a href=\"https:\/\/www.fupa.net\/spieler\/yannic-bertram-773079.html\">Yannik Bertram<\/a><\/strong> auch das VfL-Eigengew\u00e4chs <strong><a rel=\"noreferrer noopener\" aria-label=\"Hadi Ayache (\u00f6ffnet in neuem Tab)\" href=\"https:\/\/www.fupa.net\/spieler\/hadi-ayache-735423.html\" target=\"_blank\">Hadi Ayache<\/a><\/strong> von einer R\u00fcckkehr vom TSV Gundheim \u00fcberzeugt werden. Weiterhin steht der Elf von Jules Beth ab kommender Runde <a rel=\"noreferrer noopener\" aria-label=\"Dominik Uhl  (\u00f6ffnet in neuem Tab)\" href=\"https:\/\/www.fupa.net\/spieler\/dominik-uhl-216033.html\" target=\"_blank\"><strong>Dominik Uhl <\/strong><\/a>zur Verf\u00fcgung, der vom VfL Eppelsheim kommt.<\/p>\n\n\n\n<p>Pressemeldungen zu den Neuzug\u00e4ngen beim VfL:<\/p>\n\n\n\n<p><a href=\"https:\/\/www.fupa.net\/berichte\/vfl-gundersheim-alex-kinsvater-verlaesst-rwo-alzey-2637290.html\">https:\/\/www.fupa.net\/berichte\/vfl-gundersheim-alex-kinsvater-verlaesst-rwo-alzey-2637290.html<\/a><\/p>\n\n\n\n<p><\/p>\n\n\n\n<p><a href=\"https:\/\/www.fupa.net\/berichte\/vfl-gundersheim-wollen-nicht-in-die-landesliga-2661509.html\">https:\/\/www.fupa.net\/berichte\/vfl-gundersheim-wollen-nicht-in-die-landesliga-2661509.html<\/a><\/p>\n","protected":false},"excerpt":{"rendered":"<p>Nachdem die Nachricht kam, dass einige arrivierte Kicker aus Reihen der ersten Mannschaft ggf. ein bisschen k\u00fcrzer treten m\u00f6chten, da sie sich u. a. privat neu aufstellen m\u00f6chten, musste die sportliche Leitung um Thomas Finger und Kai Daniel handeln. Relativ fr\u00fch fand man in Kevin Boos einen Mann f\u00fcr die Abwehr, der auch als Co-Trainer &hellip; <\/p>\n<p class=\"link-more\"><a href=\"https:\/\/vfl-gundersheim.de\/?p=293\" class=\"more-link\"><span class=\"screen-reader-text\">\u201eDie beiden Aktiventeams stellen sich f\u00fcr die kommende Saison auf\u201c<\/span> weiterlesen<\/a><\/p>\n","protected":false},"author":1,"featured_media":0,"comment_status":"open","ping_status":"open","sticky":false,"template":"","format":"standard","meta":{"footnotes":""},"categories":[1],"tags":[],"class_list":["post-293","post","type-post","status-publish","format-standard","hentry","category-uncategorized"],"_links":{"self":[{"href":"https:\/\/vfl-gundersheim.de\/index.php?rest_route=\/wp\/v2\/posts\/293","targetHints":{"allow":["GET"]}}],"collection":[{"href":"https:\/\/vfl-gundersheim.de\/index.php?rest_route=\/wp\/v2\/posts"}],"about":[{"href":"https:\/\/vfl-gundersheim.de\/index.php?rest_route=\/wp\/v2\/types\/post"}],"author":[{"embeddable":true,"href":"https:\/\/vfl-gundersheim.de\/index.php?rest_route=\/wp\/v2\/users\/1"}],"replies":[{"embeddable":true,"href":"https:\/\/vfl-gundersheim.de\/index.php?rest_route=%2Fwp%2Fv2%2Fcomments&post=293"}],"version-history":[{"count":3,"href":"https:\/\/vfl-gundersheim.de\/index.php?rest_route=\/wp\/v2\/posts\/293\/revisions"}],"predecessor-version":[{"id":296,"href":"https:\/\/vfl-gundersheim.de\/index.php?rest_route=\/wp\/v2\/posts\/293\/revisions\/296"}],"wp:attachment":[{"href":"https:\/\/vfl-gundersheim.de\/index.php?rest_route=%2Fwp%2Fv2%2Fmedia&parent=293"}],"wp:term":[{"taxonomy":"category","embeddable":true,"href":"https:\/\/vfl-gundersheim.de\/index.php?rest_route=%2Fwp%2Fv2%2Fcategories&post=293"},{"taxonomy":"post_tag","embeddable":true,"href":"https:\/\/vfl-gundersheim.de\/index.php?rest_route=%2Fwp%2Fv2%2Ftags&post=293"}],"curies":[{"name":"wp","href":"https:\/\/api.w.org\/{rel}","templated":true}]}}